{"id":13944,"date":"2025-04-16T22:31:29","date_gmt":"2025-04-17T01:31:29","guid":{"rendered":"https:\/\/csimaster.com\/noticia2025\/medico-alemao-de-cuidados-paliativos-e-acusado-de-15-homicidios\/"},"modified":"2025-04-16T22:31:30","modified_gmt":"2025-04-17T01:31:30","slug":"medico-alemao-de-cuidados-paliativos-e-acusado-de-15-homicidios","status":"publish","type":"post","link":"https:\/\/csimaster.com\/noticia2025\/medico-alemao-de-cuidados-paliativos-e-acusado-de-15-homicidios\/","title":{"rendered":"M\u00e9dico alem\u00e3o de cuidados paliativos \u00e9 acusado de 15 homic\u00eddios"},"content":{"rendered":"<div>\n<p>Promotores de Berlim acusaram nesta quarta-feira (16) um m\u00e9dico de 15 homic\u00eddios. O profissional \u00e9 suspeito, de 40 anos, de administrar quantidades letais de medicamentos a pacientes paliativos que estavam sob seus cuidados.<\/p>\n<p>Os promotores tamb\u00e9m buscam uma proibi\u00e7\u00e3o profissional vital\u00edcia para o acusado, detido desde agosto de 2024, e que atuava em v\u00e1rios estados alem\u00e3es.<\/p>\n<p>O m\u00e9dico, que n\u00e3o teve seu nome oficialmente divulgado por causa das leis de privacidade alem\u00e3s, n\u00e3o admitiu as acusa\u00e7\u00f5es.<\/p>\n<p>Inicialmente, ele era suspeito de estar envolvido em quatro mortes no ano passado, que tentou encobrir ateando fogo nos apartamentos das v\u00edtimas, informaram os promotores.<\/p>\n<p>No entanto, as investiga\u00e7\u00f5es em andamento revelaram mais mortes suspeitas, que remontam a 2021, e esse n\u00famero ainda pode aumentar.<\/p>\n<p>Uma equipe de investiga\u00e7\u00e3o criada especificamente para o caso est\u00e1 avaliando os registros dos pacientes e mais exuma\u00e7\u00f5es est\u00e3o planejadas.<\/p>\n<p>O m\u00e9dico \u00e9 acusado de administrar um anest\u00e9sico e depois um relaxante muscular a pacientes paliativos que n\u00e3o estavam em est\u00e1gio final do processo de morte e sem seu conhecimento ou consentimento, disseram os promotores.<\/p>\n<\/div>\n","protected":false},"excerpt":{"rendered":"<p>Promotores de Berlim acusaram nesta quarta-feira (16) um m\u00e9dico de 15 homic\u00eddios. O profissional \u00e9 suspeito, de 40 anos, de administrar quantidades&hellip;<\/p>\n","protected":false},"author":122,"featured_media":13945,"comment_status":"closed","ping_status":"closed","sticky":false,"template":"","format":"standard","meta":{"_lmt_disableupdate":"","_lmt_disable":"","footnotes":""},"categories":[2],"tags":[],"class_list":["post-13944","post","type-post","status-publish","format-standard","has-post-thumbnail","hentry","category-internacional"],"_links":{"self":[{"href":"https:\/\/csimaster.com\/noticia2025\/wp-json\/wp\/v2\/posts\/13944","targetHints":{"allow":["GET"]}}],"collection":[{"href":"https:\/\/csimaster.com\/noticia2025\/wp-json\/wp\/v2\/posts"}],"about":[{"href":"https:\/\/csimaster.com\/noticia2025\/wp-json\/wp\/v2\/types\/post"}],"author":[{"embeddable":true,"href":"https:\/\/csimaster.com\/noticia2025\/wp-json\/wp\/v2\/users\/122"}],"replies":[{"embeddable":true,"href":"https:\/\/csimaster.com\/noticia2025\/wp-json\/wp\/v2\/comments?post=13944"}],"version-history":[{"count":0,"href":"https:\/\/csimaster.com\/noticia2025\/wp-json\/wp\/v2\/posts\/13944\/revisions"}],"wp:featuredmedia":[{"embeddable":true,"href":"https:\/\/csimaster.com\/noticia2025\/wp-json\/wp\/v2\/media\/13945"}],"wp:attachment":[{"href":"https:\/\/csimaster.com\/noticia2025\/wp-json\/wp\/v2\/media?parent=13944"}],"wp:term":[{"taxonomy":"category","embeddable":true,"href":"https:\/\/csimaster.com\/noticia2025\/wp-json\/wp\/v2\/categories?post=13944"},{"taxonomy":"post_tag","embeddable":true,"href":"https:\/\/csimaster.com\/noticia2025\/wp-json\/wp\/v2\/tags?post=13944"}],"curies":[{"name":"wp","href":"https:\/\/api.w.org\/{rel}","templated":true}]}}