{"id":13560,"date":"2025-04-12T21:34:19","date_gmt":"2025-04-13T00:34:19","guid":{"rendered":"https:\/\/csimaster.com\/noticia2025\/donos-de-clinica-de-reabilitacao-sao-presos-por-morte-e-roubo-de-paciente\/"},"modified":"2025-04-12T21:34:31","modified_gmt":"2025-04-13T00:34:31","slug":"donos-de-clinica-de-reabilitacao-sao-presos-por-morte-e-roubo-de-paciente","status":"publish","type":"post","link":"https:\/\/csimaster.com\/noticia2025\/donos-de-clinica-de-reabilitacao-sao-presos-por-morte-e-roubo-de-paciente\/","title":{"rendered":"Donos de cl\u00ednica de reabilita\u00e7\u00e3o s\u00e3o presos por morte e roubo de paciente"},"content":{"rendered":"<div> <main>  <\/p>\n<div>\n<p><span>Um casal, dono de uma\u00a0<\/span><strong><span>cl\u00ednica de reabilita\u00e7\u00e3o em Ponta Grossa (PR)<\/span><\/strong><span>, foi preso nessa quinta-feira (10) sob suspeita de <\/span><strong><span>homic\u00eddio<\/span><\/strong><span>\u00a0e\u00a0<\/span><strong><span>desvio financeiro<\/span><\/strong><span>\u00a0de um ex-paciente. <\/span><\/p>\n<p><span>A\u00a0<\/span><strong><span>Pol\u00edcia Civil do Paran\u00e1 (PCPR)<\/span><\/strong><span>\u00a0investiga a morte do homem de 40 anos, cujo corpo foi encontrado com marcas de arma branca em 26 de mar\u00e7o. Mais de\u00a0<\/span><strong><span>R$ 143 mil<\/span><\/strong><span>\u00a0foram desviados da conta da v\u00edtima, segundo a pol\u00edcia.<\/span><\/p>\n<p><span>A v\u00edtima foi internada em um hospital no dia 11 de mar\u00e7o ap\u00f3s um acidente em uma pousada. O dono da\u00a0<\/span><strong><span>cl\u00ednica de reabilita\u00e7\u00e3o<\/span><\/strong><span>, que era seu contato de emerg\u00eancia, foi acionado. A partir da\u00ed, come\u00e7aram os\u00a0<\/span><strong><span>desvios banc\u00e1rios<\/span><\/strong><span>\u00a0para a cl\u00ednica e a conta do propriet\u00e1rio, totalizando R$ 86,5 mil enquanto a v\u00edtima ainda estava hospitalizada. Ap\u00f3s a alta m\u00e9dica, o homem desapareceu.<\/span><\/p>\n<p><span>A\u00a0<\/span><span>PCPR<\/span><span>\u00a0descobriu que, ap\u00f3s o desaparecimento, os\u00a0<\/span><strong><span>desvios financeiros<\/span><\/strong><span> se intensificaram. No dia seguinte \u00e0 localiza\u00e7\u00e3o do corpo, o casal comprou bicicletas no valor de R$ 5 mil e transferiu R$ <\/span><span>27,5 mil para a cl\u00ednica. Mandados de busca e apreens\u00e3o foram cumpridos em endere\u00e7os ligados aos suspeitos.<\/span><\/p>\n<h2>Investiga\u00e7\u00e3o aponta para crime premeditado<\/h2>\n<p><span>As investiga\u00e7\u00f5es apontam para um\u00a0<\/span><span>crime premeditado<\/span><span>\u00a0com\u00a0<\/span><strong><span>motiva\u00e7\u00e3o financeira<\/span><\/strong><span>. A Justi\u00e7a determinou o <\/span><strong><span>bloqueio de bens e valores<\/span><\/strong><span>\u00a0do casal e da cl\u00ednica.<\/span><\/p>\n<p><span>O delegado Lu\u00eds Gustavo Timossi afirma que h\u00e1 fortes ind\u00edcios de que o casal se aproveitou da vulnerabilidade da v\u00edtima.<\/span><\/p>\n<p>\u201cAs evid\u00eancias indicam um crime premeditado com motiva\u00e7\u00e3o financeira. H\u00e1 fortes suspeitas de que os suspeitos tenham se aproveitado da vulnerabilidade dele, que era dependente qu\u00edmico, para obter acesso \u00e0s suas contas banc\u00e1rias\u201d, afirma o delegado.<\/p>\n<p><span>A pol\u00edcia suspeita que o casal manteve a v\u00edtima em\u00a0<\/span><strong><span>c\u00e1rcere privado<\/span><\/strong><span>\u00a0ap\u00f3s a alta m\u00e9dica, o que ainda est\u00e1 sendo investigado. Os suspeitos podem ser indiciados por\u00a0<\/span><strong><span>homic\u00eddio qualificado<\/span><\/strong><span>,\u00a0<\/span><strong><span>furto mediante fraude<\/span><\/strong><span>\u00a0e, possivelmente,\u00a0<\/span><strong><span>c\u00e1rcere privado<\/span><\/strong><span>. A pris\u00e3o tempor\u00e1ria \u00e9 de 30 dias, prorrog\u00e1vel conforme necessidade da investiga\u00e7\u00e3o.<\/span><\/p>\n<\/div>\n<p>   <\/main>  <\/div>\n","protected":false},"excerpt":{"rendered":"<p>Um casal, dono de uma\u00a0cl\u00ednica de reabilita\u00e7\u00e3o em Ponta Grossa (PR), foi preso nessa quinta-feira (10) sob suspeita de homic\u00eddio\u00a0e\u00a0desvio financeiro\u00a0de um&hellip;<\/p>\n","protected":false},"author":8,"featured_media":13561,"comment_status":"closed","ping_status":"closed","sticky":false,"template":"","format":"standard","meta":{"_lmt_disableupdate":"","_lmt_disable":"","footnotes":""},"categories":[5],"tags":[],"class_list":["post-13560","post","type-post","status-publish","format-standard","has-post-thumbnail","hentry","category-policia"],"_links":{"self":[{"href":"https:\/\/csimaster.com\/noticia2025\/wp-json\/wp\/v2\/posts\/13560","targetHints":{"allow":["GET"]}}],"collection":[{"href":"https:\/\/csimaster.com\/noticia2025\/wp-json\/wp\/v2\/posts"}],"about":[{"href":"https:\/\/csimaster.com\/noticia2025\/wp-json\/wp\/v2\/types\/post"}],"author":[{"embeddable":true,"href":"https:\/\/csimaster.com\/noticia2025\/wp-json\/wp\/v2\/users\/8"}],"replies":[{"embeddable":true,"href":"https:\/\/csimaster.com\/noticia2025\/wp-json\/wp\/v2\/comments?post=13560"}],"version-history":[{"count":0,"href":"https:\/\/csimaster.com\/noticia2025\/wp-json\/wp\/v2\/posts\/13560\/revisions"}],"wp:featuredmedia":[{"embeddable":true,"href":"https:\/\/csimaster.com\/noticia2025\/wp-json\/wp\/v2\/media\/13561"}],"wp:attachment":[{"href":"https:\/\/csimaster.com\/noticia2025\/wp-json\/wp\/v2\/media?parent=13560"}],"wp:term":[{"taxonomy":"category","embeddable":true,"href":"https:\/\/csimaster.com\/noticia2025\/wp-json\/wp\/v2\/categories?post=13560"},{"taxonomy":"post_tag","embeddable":true,"href":"https:\/\/csimaster.com\/noticia2025\/wp-json\/wp\/v2\/tags?post=13560"}],"curies":[{"name":"wp","href":"https:\/\/api.w.org\/{rel}","templated":true}]}}