{"id":13495,"date":"2025-04-11T20:35:52","date_gmt":"2025-04-11T23:35:52","guid":{"rendered":"https:\/\/csimaster.com\/noticia2025\/distensao-abdominal-o-que-e-e-quais-as-possiveis-causas\/"},"modified":"2025-04-11T20:35:57","modified_gmt":"2025-04-11T23:35:57","slug":"distensao-abdominal-o-que-e-e-quais-as-possiveis-causas","status":"publish","type":"post","link":"https:\/\/csimaster.com\/noticia2025\/distensao-abdominal-o-que-e-e-quais-as-possiveis-causas\/","title":{"rendered":"Distens\u00e3o abdominal: o que \u00e9 e quais as poss\u00edveis causas"},"content":{"rendered":"<div>\n<p>O ex-presidente Jair Bolsonaro (PL) apresentou um \u201cquadro de <strong>distens\u00e3o abdominal<\/strong> e dor\u201d na manh\u00e3 desta sexta-feira (11) e precisou ser internado no Hospital Rio Grande, no Rio Grande do Norte. Segundo comunicado, m\u00e9dicos analisam a necessidade de uma cirurgia. Entenda significado e poss\u00edveis causas do quadro.<\/p>\n<p>Distens\u00e3o abdominal se caracteriza como um incha\u00e7o na barriga, que pode ser vis\u00edvel ou n\u00e3o, e ocasionado por vezes pelo ac\u00famulo de gases ou m\u00e1 digest\u00e3o, ou causas mais graves.<\/p>\n<p>O quadro pode ser apresentado em duas ocorr\u00eancias. Pode ser aguda \u2014 de forma repentina e incomum \u2014 ou cr\u00f4nica \u2014 algo que ocorre e se resolve repetidamente de forma previs\u00edvel.<\/p>\n<p>De acordo com a Cleveland Clinic, cl\u00ednica de refer\u00eancia nos Estados Unidos, distens\u00e3o abdominal \u00e9 um dos sintomas gastrointestinais mais comumente relatados e pode ser ainda mais recorrente entre pessoas diagnosticadas com outros dist\u00farbios gastrointestinais funcionais, incluindo dispepsia funcional, s\u00edndrome do intestino irrit\u00e1vel (SII) e constipa\u00e7\u00e3o intestinal funcional.<\/p>\n<h2>Quais s\u00e3o as poss\u00edveis causas?<\/h2>\n<p>Um abd\u00f4men distendido pode ser causado por um problema org\u00e2nico ou funcional. Dentre as org\u00e2nicas, por exemplo, est\u00e3o causas mais graves como hemorragia intra-abdominal e paralisia parcial do est\u00f4mago. Gravidez, menstrua\u00e7\u00e3o e ganho de peso recente tamb\u00e9m est\u00e3o entre as mais comuns.<\/p>\n<p>J\u00e1 as funcionais s\u00e3o comumente ocasionadas por problemas digestivos que causam ac\u00famulo de gases e\/ou conte\u00fado digestivo como gases de indigest\u00e3o funcional e reten\u00e7\u00e3o urin\u00e1ria.<\/p>\n<p><strong>Causas org\u00e2nicas<\/strong><\/p>\n<ul data-identity=\"unordered-list\">\n<li>Ganho de peso recente significativo, que tende a ser armazenado como gordura intra-abdominal;<\/li>\n<li>Obstru\u00e7\u00e3o do intestino\u00a0delgado ou grosso;<\/li>\n<li>Paralisia parcial do est\u00f4mago, que causa ac\u00famulo de conte\u00fado digestivo;<\/li>\n<li>Doen\u00e7as gastrointestinais, que causam gases e incha\u00e7o, incluindo supercrescimento bacteriano do intestino delgado (SIBO) , doen\u00e7a cel\u00edaca, insufici\u00eancia pancre\u00e1tica ex\u00f3crina (IPE) e doen\u00e7as inflamat\u00f3rias intestinais (DII);<\/li>\n<li>Inflama\u00e7\u00e3o do revestimento abdominal;<\/li>\n<li>Ac\u00famulo de l\u00edquido no abd\u00f4men causado por doen\u00e7a hep\u00e1tica;<\/li>\n<li>Aumento de \u00f3rg\u00e3o devido a inflama\u00e7\u00e3o ou crescimento;<\/li>\n<li>Sangramento interno;<\/li>\n<li>Gravidez;<\/li>\n<li>Menstrua\u00e7\u00e3o.<\/li>\n<\/ul>\n<p><strong>Causas funcionais<\/strong><\/p>\n<ul data-identity=\"unordered-list\">\n<li>Gases de indigest\u00e3o funcional , intoler\u00e2ncias alimentares ou s\u00edndrome do intestino irrit\u00e1vel (SII);<\/li>\n<li>Constipa\u00e7\u00e3o intestinal que causa ac\u00famulo de fezes e refluxo do conte\u00fado digestivo;<\/li>\n<li>Reten\u00e7\u00e3o urin\u00e1ria causando ac\u00famulo de urina;<\/li>\n<li>Um dist\u00farbio das contra\u00e7\u00f5es musculares envolvidas na digest\u00e3o, causando refluxo do conte\u00fado digestivo;<\/li>\n<li>Fraqueza dos m\u00fasculos abdominais, que faz com que o conte\u00fado abdominal fique fl\u00e1cido para fora e para baixo.<\/li>\n<\/ul>\n<h2>Tratamento<\/h2>\n<p>Ao procurar atendimento m\u00e9dico nesse caso, o profissional de sa\u00fade ir\u00e1 tentar isolar a causa para localizar onde ocorreu a distens\u00e3o abdominal e eliminar algumas dessas causas. Isso porque, o <strong>tratamento pode variar de acordo com cada quadro<\/strong> apresentado pelo paciente.<\/p>\n<p>No caso do ex-presidente Bolsonaro, por exemplo, m\u00e9dicos avaliam que, neste primeiro momento, n\u00e3o h\u00e1 necessidade de uma cirurgia. No entanto, a depender do resultado de exames, ele pode ser eventualmente removido para outros centros especializados.<\/p>\n<p data-start=\"568\" data-end=\"880\">De acordo com especialistas da Mayo Clinic, cl\u00ednica de refer\u00eancia dos Estados Unidos, a localiza\u00e7\u00e3o da distens\u00e3o \u2014 se generalizada ou concentrada em uma regi\u00e3o espec\u00edfica \u2014 pode indicar quais \u00f3rg\u00e3os est\u00e3o envolvidos. A avalia\u00e7\u00e3o f\u00edsica inclui a palpa\u00e7\u00e3o do abd\u00f4men e a percuss\u00e3o (batidas leves na regi\u00e3o) para identificar a presen\u00e7a de fluidos, gases ou massas s\u00f3lidas.<\/p>\n<p data-start=\"882\" data-end=\"1246\">Os \u00f3rg\u00e3os internos do abd\u00f4men s\u00e3o classificados como s\u00f3lidos ou ocos. Entre os s\u00f3lidos est\u00e3o o f\u00edgado, ba\u00e7o, rins, gl\u00e2ndulas suprarrenais, p\u00e2ncreas, ov\u00e1rios e \u00fatero. Estes podem aumentar de tamanho devido a inflama\u00e7\u00f5es, tumores, cistos ou abscessos. Em alguns casos, \u00e9 poss\u00edvel sentir esses aumentos pelo toque, mas a confirma\u00e7\u00e3o geralmente exige exames de imagem.<\/p>\n<p data-start=\"1248\" data-end=\"1613\">J\u00e1 os \u00f3rg\u00e3os ocos \u2014 como o est\u00f4mago, intestinos, bexiga, ves\u00edcula biliar, ductos biliares, trompas de Fal\u00f3pio e \u00fatero \u2014 costumam ser palp\u00e1veis apenas quando est\u00e3o distendidos. Isso pode ocorrer por ac\u00famulo de gases, l\u00edquidos digestivos, fezes, urina ou, no caso do \u00fatero, devido \u00e0 gravidez. Inflama\u00e7\u00f5es e outras condi\u00e7\u00f5es tamb\u00e9m podem causar esse tipo de distens\u00e3o.<\/p>\n<p data-start=\"1248\" data-end=\"1613\">Diante de qualquer sinal persistente de distens\u00e3o abdominal, a recomenda\u00e7\u00e3o \u00e9 buscar atendimento m\u00e9dico. Quanto antes a causa for identificada, maiores s\u00e3o as chances de um tratamento eficaz.<\/p>\n<h2>Interna\u00e7\u00e3o de Bolsonaro<\/h2>\n<p>Bolsonaro est\u00e1 hospitalizado \u201ccom par\u00e2metros vitais est\u00e1veis, recebendo hidrata\u00e7\u00e3o venosa, profilaxia antibacteriana e realizando exames laboratoriais complementares\u201d, acrescenta o informe m\u00e9dico.<\/p>\n<p>O comunicado ressalta ainda que o ex-presidente \u201cest\u00e1 clinicamente orientado e sem dor ap\u00f3s analgesia, e a depender dos resultados dos exames de imagem, ser\u00e1 discutida, em comum acordo com a fam\u00edlia, a necessidade de eventual remo\u00e7\u00e3o para outros centros especializados\u201d.<\/p>\n<p>Jair Bolsonaro est\u00e1 sob os cuidados da coordena\u00e7\u00e3o dos m\u00e9dicos H\u00e9lio Barreto, \u00c1lvaro Barros e Marcelo Cascudo, al\u00e9m da dire\u00e7\u00e3o m\u00e9dica de Luiz Roberto Fonseca.<\/p>\n<h2><\/h2>\n<\/div>\n","protected":false},"excerpt":{"rendered":"<p>O ex-presidente Jair Bolsonaro (PL) apresentou um \u201cquadro de distens\u00e3o abdominal e dor\u201d na manh\u00e3 desta sexta-feira (11) e precisou ser internado&hellip;<\/p>\n","protected":false},"author":50,"featured_media":13496,"comment_status":"closed","ping_status":"closed","sticky":false,"template":"","format":"standard","meta":{"_lmt_disableupdate":"","_lmt_disable":"","footnotes":""},"categories":[3],"tags":[],"class_list":["post-13495","post","type-post","status-publish","format-standard","has-post-thumbnail","hentry","category-saude"],"_links":{"self":[{"href":"https:\/\/csimaster.com\/noticia2025\/wp-json\/wp\/v2\/posts\/13495","targetHints":{"allow":["GET"]}}],"collection":[{"href":"https:\/\/csimaster.com\/noticia2025\/wp-json\/wp\/v2\/posts"}],"about":[{"href":"https:\/\/csimaster.com\/noticia2025\/wp-json\/wp\/v2\/types\/post"}],"author":[{"embeddable":true,"href":"https:\/\/csimaster.com\/noticia2025\/wp-json\/wp\/v2\/users\/50"}],"replies":[{"embeddable":true,"href":"https:\/\/csimaster.com\/noticia2025\/wp-json\/wp\/v2\/comments?post=13495"}],"version-history":[{"count":0,"href":"https:\/\/csimaster.com\/noticia2025\/wp-json\/wp\/v2\/posts\/13495\/revisions"}],"wp:featuredmedia":[{"embeddable":true,"href":"https:\/\/csimaster.com\/noticia2025\/wp-json\/wp\/v2\/media\/13496"}],"wp:attachment":[{"href":"https:\/\/csimaster.com\/noticia2025\/wp-json\/wp\/v2\/media?parent=13495"}],"wp:term":[{"taxonomy":"category","embeddable":true,"href":"https:\/\/csimaster.com\/noticia2025\/wp-json\/wp\/v2\/categories?post=13495"},{"taxonomy":"post_tag","embeddable":true,"href":"https:\/\/csimaster.com\/noticia2025\/wp-json\/wp\/v2\/tags?post=13495"}],"curies":[{"name":"wp","href":"https:\/\/api.w.org\/{rel}","templated":true}]}}