{"id":13176,"date":"2025-04-08T19:32:36","date_gmt":"2025-04-08T22:32:36","guid":{"rendered":"https:\/\/csimaster.com\/noticia2025\/hugo-admite-divergencias-mas-diz-que-congresso-atuara-por-pec-da-seguranca\/"},"modified":"2025-04-08T19:32:43","modified_gmt":"2025-04-08T22:32:43","slug":"hugo-admite-divergencias-mas-diz-que-congresso-atuara-por-pec-da-seguranca","status":"publish","type":"post","link":"https:\/\/csimaster.com\/noticia2025\/hugo-admite-divergencias-mas-diz-que-congresso-atuara-por-pec-da-seguranca\/","title":{"rendered":"Hugo admite diverg\u00eancias, mas diz que Congresso atuar\u00e1 por PEC da Seguran\u00e7a"},"content":{"rendered":"<div>\n<p>O presidente da C\u00e2mara, Hugo Motta (Republicanos-PB), admitiu nesta ter\u00e7a-feira (8) existir diverg\u00eancias no Congresso Nacional sobre a proposta de emenda \u00e0 Constitui\u00e7\u00e3o (PEC) da Seguran\u00e7a P\u00fablica. Ele afirmou, no entanto, que a Casa atuar\u00e1 em prol do texto e que o tema \u00e9 \u201cconvergente\u201d entre oposi\u00e7\u00e3o e governo.<\/p>\n<p>A proposta foi apresentada em reuni\u00e3o, nesta ter\u00e7a, a Motta e aos l\u00edderes partid\u00e1rios, pelos ministros Ricardo Lewandowski, da Justi\u00e7a e Seguran\u00e7a P\u00fablica, e Gleisi Hoffmann, da Secretaria de Rela\u00e7\u00f5es Institucionais.<\/p>\n<p>\u201cTodos [os l\u00edderes] foram un\u00e2nimes em dizer da urg\u00eancia de se discutir o tema. \u00c9 claro que h\u00e1 diverg\u00eancia no texto e isso \u00e9 natural, pela Casa plural que \u00e9 a C\u00e2mara dos Deputados [\u2026] Uma coisa convergente da oposi\u00e7\u00e3o ao governo, que \u00e9 o enfrentamento ao tema da seguran\u00e7a\u201d, disse em entrevista na C\u00e2mara.<\/p>\n<p>Sobre a tramita\u00e7\u00e3o, Motta afirmou que n\u00e3o permitir\u00e1 \u201catropelos\u201d e nem \u201cprocrastina\u00e7\u00e3o\u201d por parte dos deputados. O texto, segundo ele, seguir\u00e1 o rito regimental. O governo deve enviar o texto formalmente na pr\u00f3xima semana.<\/p>\n<p>\u201cJ\u00e1 passou da hora de o Congresso dar uma resposta \u00e0 mat\u00e9ria da seguran\u00e7a p\u00fablica, \u00e0 mat\u00e9ria do enfrentamento e combate \u00e0 viol\u00eancia, ao crime organizado. Ent\u00e3o vamos prezar para que o nosso regimento seja cumprido sem permitir atrasos nessa tramita\u00e7\u00e3o\u201d, disse.<\/p>\n<p>Ap\u00f3s ser protocolada, a PEC precisar\u00e1 ser analisada pela Comiss\u00e3o de Constitui\u00e7\u00e3o e Justi\u00e7a (CCJ). Neste ano, o colegiado \u00e9 presidido pelo deputado Paulo Azi (Uni\u00e3o-BA).<\/p>\n<p>Depois de passar pela CCJ, a proposta ainda dever\u00e1 ser debatida em uma comiss\u00e3o especial. Em seguida, o texto precisar\u00e1 ser aprovado em dois turnos pelo plen\u00e1rio da Casa.<\/p>\n<p>\u201cO Congresso n\u00e3o faltar\u00e1 ao Brasil nesse momento de dificuldade. Infelizmente, ao longo do tempo, o crime se organizou, mas o nosso Estado continua desorganizado para enfrentar esse crime que hoje est\u00e1 praticamente em todo o pa\u00eds e agora \u00e9 a hora de respostas e o Congresso estar\u00e1 pronto, a C\u00e2mara dos Deputados, para avan\u00e7ar nessa mat\u00e9ria\u201d, afirmou.<\/p>\n<h2>Proposta<\/h2>\n<p>A PEC elaborada pelo governo visa integrar as for\u00e7as de seguran\u00e7a no pa\u00eds. Entre outras medidas, a proposta inclui as guardas municipais no rol dos \u00f3rg\u00e3os de seguran\u00e7a p\u00fablica previstos na Constitui\u00e7\u00e3o.<\/p>\n<p>O texto tamb\u00e9m atribui novas compet\u00eancias para a Pol\u00edcia Rodovi\u00e1ria Federal (PRF), que passar\u00e1 a fazer o policiamento ostensivo em rodovias, ferrovias e hidrovias federais.<\/p>\n<p>O texto apresentado nesta ter\u00e7a aos parlamentares foi a nova vers\u00e3o da PEC. No ano passado, uma minuta foi debatida com governadores. Os chefes estaduais, no entanto, fizeram cr\u00edticas \u00e0s medidas sugeridas ao argumentar que as mudan\u00e7as poderiam significar perda da autonomia dos estados.<\/p>\n<\/div>\n","protected":false},"excerpt":{"rendered":"<p>O presidente da C\u00e2mara, Hugo Motta (Republicanos-PB), admitiu nesta ter\u00e7a-feira (8) existir diverg\u00eancias no Congresso Nacional sobre a proposta de emenda \u00e0&hellip;<\/p>\n","protected":false},"author":28,"featured_media":13177,"comment_status":"closed","ping_status":"closed","sticky":false,"template":"","format":"standard","meta":{"_lmt_disableupdate":"","_lmt_disable":"","footnotes":""},"categories":[7],"tags":[],"class_list":["post-13176","post","type-post","status-publish","format-standard","has-post-thumbnail","hentry","category-politica"],"_links":{"self":[{"href":"https:\/\/csimaster.com\/noticia2025\/wp-json\/wp\/v2\/posts\/13176","targetHints":{"allow":["GET"]}}],"collection":[{"href":"https:\/\/csimaster.com\/noticia2025\/wp-json\/wp\/v2\/posts"}],"about":[{"href":"https:\/\/csimaster.com\/noticia2025\/wp-json\/wp\/v2\/types\/post"}],"author":[{"embeddable":true,"href":"https:\/\/csimaster.com\/noticia2025\/wp-json\/wp\/v2\/users\/28"}],"replies":[{"embeddable":true,"href":"https:\/\/csimaster.com\/noticia2025\/wp-json\/wp\/v2\/comments?post=13176"}],"version-history":[{"count":0,"href":"https:\/\/csimaster.com\/noticia2025\/wp-json\/wp\/v2\/posts\/13176\/revisions"}],"wp:featuredmedia":[{"embeddable":true,"href":"https:\/\/csimaster.com\/noticia2025\/wp-json\/wp\/v2\/media\/13177"}],"wp:attachment":[{"href":"https:\/\/csimaster.com\/noticia2025\/wp-json\/wp\/v2\/media?parent=13176"}],"wp:term":[{"taxonomy":"category","embeddable":true,"href":"https:\/\/csimaster.com\/noticia2025\/wp-json\/wp\/v2\/categories?post=13176"},{"taxonomy":"post_tag","embeddable":true,"href":"https:\/\/csimaster.com\/noticia2025\/wp-json\/wp\/v2\/tags?post=13176"}],"curies":[{"name":"wp","href":"https:\/\/api.w.org\/{rel}","templated":true}]}}