{"id":12428,"date":"2025-04-01T16:45:28","date_gmt":"2025-04-01T19:45:28","guid":{"rendered":"https:\/\/csimaster.com\/noticia2025\/aliados-de-bolsonaro-veem-com-descontentamento-votos-de-nunes-marques\/"},"modified":"2025-04-01T16:45:39","modified_gmt":"2025-04-01T19:45:39","slug":"aliados-de-bolsonaro-veem-com-descontentamento-votos-de-nunes-marques","status":"publish","type":"post","link":"https:\/\/csimaster.com\/noticia2025\/aliados-de-bolsonaro-veem-com-descontentamento-votos-de-nunes-marques\/","title":{"rendered":"Aliados de Bolsonaro veem com descontentamento votos de Nunes Marques"},"content":{"rendered":"<div>\n<p>Aliados de Jair Bolsonaro (PL) passaram a externar um sentimento de descontentamento com as \u00faltimas decis\u00f5es do ministro do Supremo Tribunal Federal, Nunes Marques, que tem como alvo o ex-presidente.<\/p>\n<p>Integrantes do entorno bolsonarista t\u00eam o entendimento de que Nunes Marques tem sofrido press\u00e3o interna no cargo. A conclus\u00e3o \u00e9 que a postura do magistrado pode ser a mesma no comando do Tribunal Superior Eleitoral. Nunes assumir\u00e1 a presid\u00eancia da Corte em 2026.<\/p>\n<p>O assunto foi abordado durante as conversas realizadas na \u00faltima visita de Bolsonaro ao Congresso Nacional, na semana passada. Na ocasi\u00e3o, ele foi tornado r\u00e9u pelo STF por tentativa de golpe de Estado.<\/p>\n<p>Em dezembro do ano passado, o ministro Nunes Marques foi contra a defesa de Jair Bolsonaro e votou de forma favor\u00e1vel \u00e0 manuten\u00e7\u00e3o de Alexandre de Moraes no inqu\u00e9rito sobre a trama de golpe. Advogados do ex-presidente haviam apresentado um recurso para impedir a atua\u00e7\u00e3o do magistrado na investiga\u00e7\u00e3o.<\/p>\n<p>Outra vota\u00e7\u00e3o que chamou aten\u00e7\u00e3o do entorno de Jair Bolsonaro foi sobre a amplia\u00e7\u00e3o do foro privilegiado a autoridades mesmo ap\u00f3s o fim do mandato. Nunes refor\u00e7ou a maioria e votou junto com o relator Gilmar Mendes sobre a amplia\u00e7\u00e3o do foro por prerrogativa de fun\u00e7\u00e3o.<\/p>\n<p>A avalia\u00e7\u00e3o \u00e9 que, ao manter as investiga\u00e7\u00f5es contra Bolsonaro sob a al\u00e7ada da Suprema Corte, a decis\u00e3o prejudica o ex-presidente, que relata sofrer persegui\u00e7\u00e3o por parte de Moraes.<\/p>\n<p>A <strong>CNN<\/strong> procurou a assessoria do ministro e aguarda um\u00a0posicionamento.<\/p>\n<\/div>\n","protected":false},"excerpt":{"rendered":"<p>Aliados de Jair Bolsonaro (PL) passaram a externar um sentimento de descontentamento com as \u00faltimas decis\u00f5es do ministro do Supremo Tribunal Federal,&hellip;<\/p>\n","protected":false},"author":43,"featured_media":12429,"comment_status":"closed","ping_status":"closed","sticky":false,"template":"","format":"standard","meta":{"_lmt_disableupdate":"","_lmt_disable":"","footnotes":""},"categories":[18],"tags":[],"class_list":["post-12428","post","type-post","status-publish","format-standard","has-post-thumbnail","hentry","category-regiao"],"_links":{"self":[{"href":"https:\/\/csimaster.com\/noticia2025\/wp-json\/wp\/v2\/posts\/12428","targetHints":{"allow":["GET"]}}],"collection":[{"href":"https:\/\/csimaster.com\/noticia2025\/wp-json\/wp\/v2\/posts"}],"about":[{"href":"https:\/\/csimaster.com\/noticia2025\/wp-json\/wp\/v2\/types\/post"}],"author":[{"embeddable":true,"href":"https:\/\/csimaster.com\/noticia2025\/wp-json\/wp\/v2\/users\/43"}],"replies":[{"embeddable":true,"href":"https:\/\/csimaster.com\/noticia2025\/wp-json\/wp\/v2\/comments?post=12428"}],"version-history":[{"count":0,"href":"https:\/\/csimaster.com\/noticia2025\/wp-json\/wp\/v2\/posts\/12428\/revisions"}],"wp:featuredmedia":[{"embeddable":true,"href":"https:\/\/csimaster.com\/noticia2025\/wp-json\/wp\/v2\/media\/12429"}],"wp:attachment":[{"href":"https:\/\/csimaster.com\/noticia2025\/wp-json\/wp\/v2\/media?parent=12428"}],"wp:term":[{"taxonomy":"category","embeddable":true,"href":"https:\/\/csimaster.com\/noticia2025\/wp-json\/wp\/v2\/categories?post=12428"},{"taxonomy":"post_tag","embeddable":true,"href":"https:\/\/csimaster.com\/noticia2025\/wp-json\/wp\/v2\/tags?post=12428"}],"curies":[{"name":"wp","href":"https:\/\/api.w.org\/{rel}","templated":true}]}}