{"id":12407,"date":"2025-04-01T16:45:22","date_gmt":"2025-04-01T19:45:22","guid":{"rendered":"https:\/\/csimaster.com\/noticia2025\/penitenciaria-em-pernambuco-e-desativada-por-problemas-estruturais\/"},"modified":"2025-04-01T16:45:22","modified_gmt":"2025-04-01T19:45:22","slug":"penitenciaria-em-pernambuco-e-desativada-por-problemas-estruturais","status":"publish","type":"post","link":"https:\/\/csimaster.com\/noticia2025\/penitenciaria-em-pernambuco-e-desativada-por-problemas-estruturais\/","title":{"rendered":"Penitenci\u00e1ria em Pernambuco \u00e9 desativada por problemas estruturais"},"content":{"rendered":"<div> <main>  <\/p>\n<div>\n<p>O governo de Pernambuco transferiu, nesta ter\u00e7a-feira (1\u00ba), 472 detentos da Penitenci\u00e1ria Professor Barreto Campelo, localizada na Ilha de Itamarac\u00e1, na Regi\u00e3o Metropolitana do Recife (RMR), para outras tr\u00eas unidades prisionais do estado.<\/p>\n<p>A decis\u00e3o foi tomada pela Secretaria de Administra\u00e7\u00e3o Penitenci\u00e1ria e Ressocializa\u00e7\u00e3o de Pernambuco (SEAP), que desativou a penitenci\u00e1ria, em funcionamento h\u00e1 mais de cinco d\u00e9cadas. A deteriora\u00e7\u00e3o estrutural do local foi um dos principais fatores para a medida.<\/p>\n<p>Para realizar a transfer\u00eancia dos presos, foi deflagrada a Opera\u00e7\u00e3o Ponto Final, que contou com a participa\u00e7\u00e3o de 115 policiais penais, 12 policiais civis, 332 policiais militares, al\u00e9m de efetivos do Corpo de Bombeiros, Pol\u00edcia Rodovi\u00e1ria Federal e servi\u00e7os de intelig\u00eancia.<\/p>\n<p>A Penitenci\u00e1ria Professor Barreto Campelo tinha capacidade para 640 detentos do regime fechado. Segundo o governo do estado, a desativa\u00e7\u00e3o foi necess\u00e1ria devido \u00e0s condi\u00e7\u00f5es prec\u00e1rias das instala\u00e7\u00f5es.<\/p>\n<figure aria-describedby=\"caption-attachment-12569701\" id=\"attachment_12569701\"> <label for=\"checkbox_attachment_12569701\"> <span><\/span> <\/label><figcaption id=\"caption-attachment-12569701\">Opera\u00e7\u00e3o para transfer\u00eancia de detentos mobilizou cerca de 450 policiais \u2022 Divulga\u00e7\u00e3o\/SEAP-PE<\/figcaption><\/figure>\n<p>As \u00e1reas de conviv\u00eancia, os setores administrativos e de apoio estavam igualmente deteriorados, agravados pela falta de manuten\u00e7\u00e3o preventiva e corretiva. O sistema de esgoto tamb\u00e9m apresentava falhas, e as estruturas das muralhas e passarelas n\u00e3o estavam em bom estado de conserva\u00e7\u00e3o.<\/p>\n<p>\u201cConsidero um grande avan\u00e7o para o sistema prisional do estado, pois a desativa\u00e7\u00e3o da Barreto Campelo significa cuidado e respeito com a popula\u00e7\u00e3o privada de liberdade e os profissionais que l\u00e1 trabalhavam. Vamos seguir com todas as mudan\u00e7as necess\u00e1rias ao processo de ressocializa\u00e7\u00e3o do apenado\u201d, ressaltou o secret\u00e1rio de Administra\u00e7\u00e3o Penitenci\u00e1ria e Ressocializa\u00e7\u00e3o, Paulo Paes.<\/p>\n<p>Inaugurada em 13 de dezembro de 1973, a Penitenci\u00e1ria Barreto Campelo foi, por cinco anos, a \u00fanica unidade prisional masculina para detentos do regime fechado na RMR. Nos \u00faltimos anos, a unidade foi palco de diversos motins e ocorr\u00eancias.<\/p>\n<p>Al\u00e9m disso, os moradores da Ilha de Itamarac\u00e1, uma \u00e1rea litor\u00e2nea, vinham solicitando o fechamento da unidade. Os detentos foram transferidos para tr\u00eas penitenci\u00e1rias do Complexo Prisional do Curado, no Recife, e para a Penitenci\u00e1ria de Itaquitinga, no interior de Pernambuco.<\/p>\n<\/div>\n<p>   <\/main>  <\/div>\n","protected":false},"excerpt":{"rendered":"<p>O governo de Pernambuco transferiu, nesta ter\u00e7a-feira (1\u00ba), 472 detentos da Penitenci\u00e1ria Professor Barreto Campelo, localizada na Ilha de Itamarac\u00e1, na Regi\u00e3o&hellip;<\/p>\n","protected":false},"author":87,"featured_media":12408,"comment_status":"closed","ping_status":"closed","sticky":false,"template":"","format":"standard","meta":{"_lmt_disableupdate":"","_lmt_disable":"","footnotes":""},"categories":[4],"tags":[],"class_list":["post-12407","post","type-post","status-publish","format-standard","has-post-thumbnail","hentry","category-brasil"],"_links":{"self":[{"href":"https:\/\/csimaster.com\/noticia2025\/wp-json\/wp\/v2\/posts\/12407","targetHints":{"allow":["GET"]}}],"collection":[{"href":"https:\/\/csimaster.com\/noticia2025\/wp-json\/wp\/v2\/posts"}],"about":[{"href":"https:\/\/csimaster.com\/noticia2025\/wp-json\/wp\/v2\/types\/post"}],"author":[{"embeddable":true,"href":"https:\/\/csimaster.com\/noticia2025\/wp-json\/wp\/v2\/users\/87"}],"replies":[{"embeddable":true,"href":"https:\/\/csimaster.com\/noticia2025\/wp-json\/wp\/v2\/comments?post=12407"}],"version-history":[{"count":0,"href":"https:\/\/csimaster.com\/noticia2025\/wp-json\/wp\/v2\/posts\/12407\/revisions"}],"wp:featuredmedia":[{"embeddable":true,"href":"https:\/\/csimaster.com\/noticia2025\/wp-json\/wp\/v2\/media\/12408"}],"wp:attachment":[{"href":"https:\/\/csimaster.com\/noticia2025\/wp-json\/wp\/v2\/media?parent=12407"}],"wp:term":[{"taxonomy":"category","embeddable":true,"href":"https:\/\/csimaster.com\/noticia2025\/wp-json\/wp\/v2\/categories?post=12407"},{"taxonomy":"post_tag","embeddable":true,"href":"https:\/\/csimaster.com\/noticia2025\/wp-json\/wp\/v2\/tags?post=12407"}],"curies":[{"name":"wp","href":"https:\/\/api.w.org\/{rel}","templated":true}]}}