{"id":11364,"date":"2025-03-20T18:48:14","date_gmt":"2025-03-20T21:48:14","guid":{"rendered":"https:\/\/csimaster.com\/noticia2025\/trump-assinara-ordem-para-fechar-departamento-de-educacao-diz-casa-branca\/"},"modified":"2025-03-20T18:48:14","modified_gmt":"2025-03-20T21:48:14","slug":"trump-assinara-ordem-para-fechar-departamento-de-educacao-diz-casa-branca","status":"publish","type":"post","link":"https:\/\/csimaster.com\/noticia2025\/trump-assinara-ordem-para-fechar-departamento-de-educacao-diz-casa-branca\/","title":{"rendered":"Trump assinar\u00e1 ordem para fechar Departamento de Educa\u00e7\u00e3o, diz Casa Branca"},"content":{"rendered":"<div>\n<p>O presidente dos Estados Unidos, Donald Trump, assinar\u00e1 uma ordem executiva nesta quinta-feira (19) com o objetivo de fechar o Departamento de Educa\u00e7\u00e3o, cumprindo uma promessa de campanha, disse a Casa Branca.<\/p>\n<p>A ordem orienta a Secret\u00e1ria de Educa\u00e7\u00e3o dos EUA, Linda McMahon, a \u201ctomar todas as medidas necess\u00e1rias para facilitar o fechamento [do] Departamento de Educa\u00e7\u00e3o e devolver a autoridade educacional aos estados, enquanto continua a garantir a entrega eficaz e ininterrupta de servi\u00e7os, programas e benef\u00edcios dos quais os americanos dependem\u201d.<\/p>\n<p>O documento tamb\u00e9m determina que quaisquer programas ou atividades que recebam fundos restantes do Departamento de Educa\u00e7\u00e3o n\u00e3o devem promover programas de Diversidade, Equidade e Inclus\u00e3o (DEI, na sigla em ingl\u00eas) ou \u201cideologia de g\u00eanero\u201d.<\/p>\n<p>Na campanha eleitoral, Trump apontou repetidamente o departamento como um sinal de exagero federal e o vinculou a quest\u00f5es de guerra cultural.<\/p>\n<p>\u201cVamos drenar o p\u00e2ntano educacional do governo e parar o abuso do dinheiro dos seus contribuintes para doutrinar a juventude americana com todos os tipos de coisas que voc\u00eas n\u00e3o querem que nossos jovens ou\u00e7am\u201d, exclamou ele.<\/p>\n<p>Trump prop\u00f4s fechar o Departamento de Educa\u00e7\u00e3o em seu primeiro mandato, entre 2017 e 2021, mas o Congresso n\u00e3o agiu para isso.<\/p>\n<p>A ag\u00eancia emprega 4.245 pessoas e gastou US$ 251 bilh\u00f5es no ano mais recente.<\/p>\n<p>Thinktanks conservadores que pediram a aboli\u00e7\u00e3o do Departamento de Educa\u00e7\u00e3o propuseram que outras ag\u00eancias pudessem lidar com seus programas de aux\u00edlio e deveres de supervis\u00e3o.<\/p>\n<\/div>\n","protected":false},"excerpt":{"rendered":"<p>O presidente dos Estados Unidos, Donald Trump, assinar\u00e1 uma ordem executiva nesta quinta-feira (19) com o objetivo de fechar o Departamento de&hellip;<\/p>\n","protected":false},"author":65,"featured_media":11365,"comment_status":"closed","ping_status":"closed","sticky":false,"template":"","format":"standard","meta":{"_lmt_disableupdate":"","_lmt_disable":"","footnotes":""},"categories":[17],"tags":[],"class_list":["post-11364","post","type-post","status-publish","format-standard","has-post-thumbnail","hentry","category-educacao"],"_links":{"self":[{"href":"https:\/\/csimaster.com\/noticia2025\/wp-json\/wp\/v2\/posts\/11364","targetHints":{"allow":["GET"]}}],"collection":[{"href":"https:\/\/csimaster.com\/noticia2025\/wp-json\/wp\/v2\/posts"}],"about":[{"href":"https:\/\/csimaster.com\/noticia2025\/wp-json\/wp\/v2\/types\/post"}],"author":[{"embeddable":true,"href":"https:\/\/csimaster.com\/noticia2025\/wp-json\/wp\/v2\/users\/65"}],"replies":[{"embeddable":true,"href":"https:\/\/csimaster.com\/noticia2025\/wp-json\/wp\/v2\/comments?post=11364"}],"version-history":[{"count":0,"href":"https:\/\/csimaster.com\/noticia2025\/wp-json\/wp\/v2\/posts\/11364\/revisions"}],"wp:featuredmedia":[{"embeddable":true,"href":"https:\/\/csimaster.com\/noticia2025\/wp-json\/wp\/v2\/media\/11365"}],"wp:attachment":[{"href":"https:\/\/csimaster.com\/noticia2025\/wp-json\/wp\/v2\/media?parent=11364"}],"wp:term":[{"taxonomy":"category","embeddable":true,"href":"https:\/\/csimaster.com\/noticia2025\/wp-json\/wp\/v2\/categories?post=11364"},{"taxonomy":"post_tag","embeddable":true,"href":"https:\/\/csimaster.com\/noticia2025\/wp-json\/wp\/v2\/tags?post=11364"}],"curies":[{"name":"wp","href":"https:\/\/api.w.org\/{rel}","templated":true}]}}